{"id":13708,"date":"2026-08-31T12:25:30","date_gmt":"2026-08-31T10:25:30","guid":{"rendered":"https:\/\/www.holz-wallner.at\/inhalte\/?p=13708"},"modified":"2026-08-31T13:11:59","modified_gmt":"2026-08-31T11:11:59","slug":"baustelle-porschestrasse","status":"publish","type":"post","link":"https:\/\/www.holz-wallner.at\/inhalte\/baustelle-porschestrasse\/","title":{"rendered":"Baustelle Porschestra\u00dfe"},"content":{"rendered":"<div class=\"wpb-content-wrapper\"><p>[vc_row][vc_column][vc_column_text css=&#8220;&#8220;]<\/p>\n<h1>Ge\u00e4nderte Zufahrt in der Porschestra\u00dfe<\/h1>\n<p>[\/vc_column_text][vc_column_text css=&#8220;&#8220;]Durch Stra\u00dfenbauma\u00dfnahmen ist der Standort Porschestra\u00dfe momentan nur \u00fcber einen ge\u00e4nderten Verkehrsweg erreichbar.<!--more-->[\/vc_column_text][vc_column_text css=&#8220;&#8220;]Die Zufahrt zum Standort in der Porschestra\u00dfe ist von 31. August bis 11. September nur aus s\u00fcdlicher Richtung \u00fcber die Kreuzung Renkgasse\/Porschestra\u00dfe m\u00f6glich (Ecke Admiral Sportwetten \/ Schirak Automobile). Eine Zufahrt aus n\u00f6rdlicher Richtung (Kreuzung Anton Scheiblin-Gasse) ist w\u00e4hrend der Bauma\u00dfnahmen nicht m\u00f6glich!<\/p>\n<p>Achtung, bitte beachten Sie, dass das Halten- und Parken am Standstreifen in diesem Bereich verboten ist. F\u00fcr unsere Kunden stehen sowohl vor als auch in der Halle, Park- und Abholpl\u00e4tze zur Verf\u00fcgung.<\/p>\n<p>Wir bitten Sie die Einfahrt in die Halle und die Verkehrswege in der Halle frei zu halten!<\/p>\n<p><strong>Der Standort in der Porschestra\u00dfe ist w\u00e4hrend der Bauma\u00dfnahmen normal f\u00fcr Sie ge\u00f6ffnet.<\/strong>[\/vc_column_text][vc_separator color=&#8220;custom&#8220; css=&#8220;&#8220; accent_color=&#8220;#33cb96&#8243; el_class=&#8220;33cb98&#8243;][vc_images_carousel images=&#8220;13726,13727,13728,13729,13730&#8243; img_size=&#8220;large&#8220; autoplay=&#8220;yes&#8220; hide_prev_next_buttons=&#8220;yes&#8220; css=&#8220;&#8220;][\/vc_column][\/vc_row]<\/p>\n<\/div>","protected":false},"excerpt":{"rendered":"<p>[vc_row][vc_column][vc_column_text css=&#8220;&#8220;] Ge\u00e4nderte Zufahrt in der Porschestra\u00dfe [\/vc_column_text][vc_column_text css=&#8220;&#8220;]Durch Stra\u00dfenbauma\u00dfnahmen ist der Standort Porschestra\u00dfe momentan nur \u00fcber einen ge\u00e4nderten Verkehrsweg erreichbar.<\/p>\n","protected":false},"author":1,"featured_media":13719,"comment_status":"open","ping_status":"open","sticky":false,"template":"","format":"standard","meta":[],"categories":[8],"tags":[],"acf":[],"_links":{"self":[{"href":"https:\/\/www.holz-wallner.at\/inhalte\/wp-json\/wp\/v2\/posts\/13708"}],"collection":[{"href":"https:\/\/www.holz-wallner.at\/inhalte\/wp-json\/wp\/v2\/posts"}],"about":[{"href":"https:\/\/www.holz-wallner.at\/inhalte\/wp-json\/wp\/v2\/types\/post"}],"author":[{"embeddable":true,"href":"https:\/\/www.holz-wallner.at\/inhalte\/wp-json\/wp\/v2\/users\/1"}],"replies":[{"embeddable":true,"href":"https:\/\/www.holz-wallner.at\/inhalte\/wp-json\/wp\/v2\/comments?post=13708"}],"version-history":[{"count":17,"href":"https:\/\/www.holz-wallner.at\/inhalte\/wp-json\/wp\/v2\/posts\/13708\/revisions"}],"predecessor-version":[{"id":13738,"href":"https:\/\/www.holz-wallner.at\/inhalte\/wp-json\/wp\/v2\/posts\/13708\/revisions\/13738"}],"wp:featuredmedia":[{"embeddable":true,"href":"https:\/\/www.holz-wallner.at\/inhalte\/wp-json\/wp\/v2\/media\/13719"}],"wp:attachment":[{"href":"https:\/\/www.holz-wallner.at\/inhalte\/wp-json\/wp\/v2\/media?parent=13708"}],"wp:term":[{"taxonomy":"category","embeddable":true,"href":"https:\/\/www.holz-wallner.at\/inhalte\/wp-json\/wp\/v2\/categories?post=13708"},{"taxonomy":"post_tag","embeddable":true,"href":"https:\/\/www.holz-wallner.at\/inhalte\/wp-json\/wp\/v2\/tags?post=13708"}],"curies":[{"name":"wp","href":"https:\/\/api.w.org\/{rel}","templated":true}]}}